{"id":3702,"date":"2021-10-05T04:03:00","date_gmt":"2021-10-05T04:03:00","guid":{"rendered":"https:\/\/www.vulvani.com\/mehr-als-eine-starke-periode-vickys-erfahrung-mit-endometriose\/"},"modified":"2022-11-03T06:38:29","modified_gmt":"2022-11-03T06:38:29","slug":"more-than-just-a-bad-period-vickys-endometriosis-experience","status":"publish","type":"post","link":"https:\/\/www.vulvani.com\/en\/more-than-just-a-bad-period-vickys-endometriosis-experience\/","title":{"rendered":"More than just a\u00a0bad period \u2013 Vicky\u2019s endometriosis experience"},"content":{"rendered":"<p class=\"has-text-align-center\">Menstruation Around the World&nbsp;is series from Vulvani that attempts to show the diversity of menstrual experiences around the world. We portray people from different countries with their personal stories. Let us explore the wonderful and so diverse world of menstrual experiences together. Let\u2019s go to Scotland and talk with Vicky about her personal endometriosis experience.<\/p><hr class=\"wp-block-separator has-text-color has-vivid-green-cyan-color has-alpha-channel-opacity has-vivid-green-cyan-background-color has-background is-style-wide\"\/><p><\/p><p>Menstruation Around the World&nbsp;is series from Vulvani that attempts to show the diversity of menstrual experiences around the world. We portray people from different countries with their personal stories. Let us explore the wonderful and so diverse world of menstrual experiences together. Let\u2019s go to Scotland and talk with Vicky about her personal endometriosis experience.<\/p><div class=\"wp-block-columns is-layout-flex wp-container-core-columns-is-layout-1 wp-block-columns-is-layout-flex\"><div class=\"wp-block-column is-layout-flow wp-block-column-is-layout-flow\"><h3 class=\"wp-block-heading\">Personal Information<\/h3>\n\n<p><strong>Name:&nbsp;<\/strong>Vicky<br><strong>Age:<\/strong>&nbsp;32<br><strong>Gender \/ Sex:&nbsp;<\/strong>female<br><strong>Country of birth:&nbsp;<\/strong>Scotland<br><strong>Home:<\/strong>&nbsp;Arbroath, Scotland<br><strong>Job:&nbsp;<\/strong>Development Officer<br><strong>Age at first period:<\/strong>&nbsp;11<br><strong>Favorite period product:&nbsp;<\/strong>I&nbsp;haven\u2019t bled in three years due to endometriosis treatment.<br><strong>Contraception:&nbsp;<\/strong>Mini pill<\/p><\/div>\n\n<div class=\"wp-block-column is-layout-flow wp-block-column-is-layout-flow\"><div class=\"wp-block-image\"><figure class=\"aligncenter size-large\"><img fetchpriority=\"high\" decoding=\"async\" width=\"1024\" height=\"1024\" src=\"https:\/\/www.vulvani.com\/wp-content\/uploads\/2022\/10\/rsz_vicky_45-1024x1024.jpg\" alt=\"\" class=\"wp-image-2018\" srcset=\"https:\/\/www.vulvani.com\/wp-content\/uploads\/2022\/10\/rsz_vicky_45-1024x1024.jpg 1024w, https:\/\/www.vulvani.com\/wp-content\/uploads\/2022\/10\/rsz_vicky_45-324x324.jpg 324w, https:\/\/www.vulvani.com\/wp-content\/uploads\/2022\/10\/rsz_vicky_45-100x100.jpg 100w, https:\/\/www.vulvani.com\/wp-content\/uploads\/2022\/10\/rsz_vicky_45-416x416.jpg 416w, https:\/\/www.vulvani.com\/wp-content\/uploads\/2022\/10\/rsz_vicky_45-300x300.jpg 300w, https:\/\/www.vulvani.com\/wp-content\/uploads\/2022\/10\/rsz_vicky_45-150x150.jpg 150w, https:\/\/www.vulvani.com\/wp-content\/uploads\/2022\/10\/rsz_vicky_45-768x768.jpg 768w, https:\/\/www.vulvani.com\/wp-content\/uploads\/2022\/10\/rsz_vicky_45-1536x1536.jpg 1536w, https:\/\/www.vulvani.com\/wp-content\/uploads\/2022\/10\/rsz_vicky_45.jpg 1620w\" sizes=\"(max-width: 1024px) 100vw, 1024px\" \/><\/figure><\/div><\/div><\/div><h3 class=\"wp-block-heading\">How is menstruation seen in your family, culture and even country?<\/h3><p>A bill for free provision of period products has recently been passed.&nbsp;<a href=\"https:\/\/www.vulvani.com\/en\/free-period-products-for-all-how-scotland-tackles-period-poverty\" target=\"_blank\" rel=\"noreferrer noopener\">And that is an amazing achievement for Scotland!<\/a>&nbsp;Following my diagnosis and now experience with endometriosis in 2017,&nbsp;<a href=\"https:\/\/www.vulvani.com\/en\/menstruation-101-the-most-important-period-facts-explained\" target=\"_blank\" rel=\"noreferrer noopener\">menstruation<\/a>&nbsp;is more widely talked about in my family&nbsp;now.<\/p><h3 class=\"wp-block-heading\">How and by whom were you educated about menstruation?<\/h3><p>My Mum was always&nbsp;open with me about periods. I&nbsp;don\u2019t recall all that much talk of it&nbsp;in school. I&nbsp;started my period aged 11 and was diagnosed with endometriosis aged 29 (having never heard the word before). Back then I&nbsp;thought my terrible periods were just&nbsp;normal&nbsp;\u2026 But I&nbsp;was wrong.<\/p><h3 class=\"wp-block-heading\">Tell us a&nbsp;little about your first period.<\/h3><p>I was at primary school when I&nbsp;started. Luckily my Mum worked there (still does) and was able to&nbsp;<a href=\"https:\/\/www.vulvani.com\/en\/being-homeless-and-periods-bleeding-in-the-streets\" target=\"_blank\" rel=\"noreferrer noopener\">access products<\/a>&nbsp;for me. I\u2019ve always used single use&nbsp;<a href=\"https:\/\/www.vulvani.com\/en\/biodegradable-pads-for-bangladesh-mashiyats-story\" target=\"_blank\" rel=\"noreferrer noopener\">pads<\/a>&nbsp;\u2013 but I&nbsp;may consider reusables in the future.<\/p><div class=\"wp-block-columns is-layout-flex wp-container-core-columns-is-layout-2 wp-block-columns-is-layout-flex\"><div class=\"wp-block-column is-layout-flow wp-block-column-is-layout-flow\"><div class=\"wp-block-image\"><figure class=\"aligncenter size-large\"><img decoding=\"async\" width=\"819\" height=\"1024\" src=\"https:\/\/www.vulvani.com\/wp-content\/uploads\/2022\/10\/rsz_vicky_5-819x1024.jpg\" alt=\"\" class=\"wp-image-2019\" srcset=\"https:\/\/www.vulvani.com\/wp-content\/uploads\/2022\/10\/rsz_vicky_5-819x1024.jpg 819w, https:\/\/www.vulvani.com\/wp-content\/uploads\/2022\/10\/rsz_vicky_5-416x520.jpg 416w, https:\/\/www.vulvani.com\/wp-content\/uploads\/2022\/10\/rsz_vicky_5-240x300.jpg 240w, https:\/\/www.vulvani.com\/wp-content\/uploads\/2022\/10\/rsz_vicky_5-768x960.jpg 768w, https:\/\/www.vulvani.com\/wp-content\/uploads\/2022\/10\/rsz_vicky_5.jpg 1080w\" sizes=\"(max-width: 819px) 100vw, 819px\" \/><\/figure><\/div><\/div>\n\n<div class=\"wp-block-column is-layout-flow wp-block-column-is-layout-flow\"><div class=\"wp-block-image\"><figure class=\"aligncenter size-full\"><img decoding=\"async\" width=\"400\" height=\"400\" src=\"https:\/\/www.vulvani.com\/wp-content\/uploads\/2022\/10\/Vicky_4.jpg\" alt=\"\" class=\"wp-image-2020\" srcset=\"https:\/\/www.vulvani.com\/wp-content\/uploads\/2022\/10\/Vicky_4.jpg 400w, https:\/\/www.vulvani.com\/wp-content\/uploads\/2022\/10\/Vicky_4-324x324.jpg 324w, https:\/\/www.vulvani.com\/wp-content\/uploads\/2022\/10\/Vicky_4-100x100.jpg 100w, https:\/\/www.vulvani.com\/wp-content\/uploads\/2022\/10\/Vicky_4-300x300.jpg 300w, https:\/\/www.vulvani.com\/wp-content\/uploads\/2022\/10\/Vicky_4-150x150.jpg 150w\" sizes=\"(max-width: 400px) 100vw, 400px\" \/><figcaption class=\"wp-element-caption\">Photo Credits:&nbsp;<a rel=\"noreferrer noopener\" href=\"https:\/\/www.instagram.com\/endodundee\/\" target=\"_blank\">Vicky<\/a><\/figcaption><\/figure><\/div><\/div><\/div><h3 class=\"wp-block-heading\">How do you feel about your own menstruation? Has your endometriosis experience changed it?<\/h3><p>I\u2019m sad it took so long for it to be realised, that what I&nbsp;was going through wasn\u2019t normal. I&nbsp;now run a&nbsp;local support group for women with suspected or diagnosed endometriosis and hope that&nbsp;<a href=\"https:\/\/www.vulvani.com\/en\/8-ways-to-practice-self-care-during-your-period\" target=\"_blank\" rel=\"noreferrer noopener\">menstrual wellbeing<\/a>&nbsp;will be added to the curriculum in Scotland&nbsp;soon.<\/p><h3 class=\"wp-block-heading\">Which menstrual products have you already tried?<\/h3><p>In general, I&nbsp;used (Always)&nbsp;<a href=\"https:\/\/www.vulvani.com\/en\/category\/period-products\" target=\"_blank\" rel=\"noreferrer noopener\">pads<\/a>. Ones with wings and ones without. But in the future I&nbsp;would be more open to&nbsp;<a href=\"https:\/\/www.vulvani.com\/en\/7-good-reasons-for-an-eco-friendly-period\" target=\"_blank\" rel=\"noreferrer noopener\">trying reusables<\/a>&nbsp;as I\u2019m currently trying&nbsp;<a href=\"https:\/\/www.vulvani.com\/en\/zero-waste-menstruation-5-sustainable-menstrual-products\" target=\"_blank\" rel=\"noreferrer noopener\">reusable liners<\/a>.<\/p><h3 class=\"wp-block-heading\">What do you like to do when on your period?<\/h3><p>Due to my endometriosis experience I&nbsp;haven\u2019t bled in three years. I&nbsp;probably take more time for&nbsp;<a href=\"https:\/\/www.vulvani.com\/en\/8-ways-to-practice-self-care-during-your-period\" target=\"_blank\" rel=\"noreferrer noopener\">self-care<\/a>&nbsp;now than I&nbsp;ever used to. I&nbsp;enjoy helping others with&nbsp;<a href=\"https:\/\/www.vulvani.com\/en\/category\/menstruation-around-the-world-en\" target=\"_blank\" rel=\"noreferrer noopener\">their journey<\/a>&nbsp;through my volunteering work.&nbsp;<a href=\"https:\/\/www.vulvani.com\/en\/periods-the-pandemic-limited-respite-for-menstruators\" target=\"_blank\" rel=\"noreferrer noopener\">During lockdown<\/a>, I\u2019ve enjoyed exploring new places, cooking, and reading. And I&nbsp;also love&nbsp;dogs!<\/p><h3 class=\"wp-block-heading\">How are you feeling when menstruating and does your endometriosis experience affect it?<\/h3><p>Prior to my periods stopping, my periods would cause me to have to take time off school or work.&nbsp;<a href=\"https:\/\/www.vulvani.com\/en\/little-miss-period-a-character-to-personify-periods\" target=\"_blank\" rel=\"noreferrer noopener\">I\u2019d be completely drained for one week of every month.<\/a>&nbsp;I&nbsp;was prescribed mefenamic acid in my teenage years. To keep on top of my endometriosis, I&nbsp;now take naproxen with omeprazole and the mini&nbsp;pill.<\/p><div class=\"wp-block-columns has-pale-pink-background-color has-background is-layout-flex wp-container-core-columns-is-layout-3 wp-block-columns-is-layout-flex\"><div class=\"wp-block-column is-layout-flow wp-block-column-is-layout-flow\"><h3 class=\"has-black-color has-text-color wp-block-heading\">You want to read more endometriosis experiences?<\/h3>\n\n<p class=\"has-black-color has-text-color\">Then check our our other articles about endomeriosis:<a href=\"https:\/\/www.vulvani.com\/en\/endometriosis-the-unknown-disease\"><\/a><\/p>\n\n<ul class=\"wp-block-list\"><li><a href=\"https:\/\/www.vulvani.com\/en\/endometriosis-the-unknown-disease\">Endometriosis: The unknown disease<\/a><a href=\"https:\/\/www.vulvani.com\/en\/information-about-endometriosis-6-questions-and-answers\"><\/a><\/li>\n\n<li><a href=\"https:\/\/www.vulvani.com\/en\/information-about-endometriosis-6-questions-and-answers\">Information about endometriosis: 6&nbsp;questions and answers<\/a><a href=\"https:\/\/www.vulvani.com\/en\/the-path-to-the-diagnosis-of-endometriosis-a-personal-story\"><\/a><\/li>\n\n<li><a href=\"https:\/\/www.vulvani.com\/en\/the-path-to-the-diagnosis-of-endometriosis-a-personal-story\">The path to the diagnosis of endometriosis: A&nbsp;personal&nbsp;story<\/a><a href=\"https:\/\/www.vulvani.com\/en\/nicht-die-regel-a-german-film-about-endometriosis\"><\/a><\/li>\n\n<li><a href=\"https:\/\/www.vulvani.com\/en\/nicht-die-regel-a-german-film-about-endometriosis\">\u2018Nicht die Regel\u2019: A&nbsp;German film about endometriosis<\/a><a href=\"https:\/\/www.vulvani.com\/en\/living-with-endometriosis-lea-tells-us-about-her-everyday-life\"><\/a><\/li>\n\n<li><a href=\"https:\/\/www.vulvani.com\/en\/living-with-endometriosis-lea-tells-us-about-her-everyday-life\">Living with endometriosis: Lea tells us about her everyday&nbsp;life<\/a><\/li><\/ul><\/div><\/div><h2 class=\"wp-block-heading\">Who are you talking to about menstruation and your endometriosis experience?<\/h2><p>Anyone who is willing to listen! Until I&nbsp;set up&nbsp;<a href=\"https:\/\/twitter.com\/EndoDundee\" target=\"_blank\" rel=\"noreferrer noopener\">my support group<\/a>, only a&nbsp;selected few knew of my endometriosis experience. Now, as a&nbsp;Support Group Leader, I&nbsp;feel I&nbsp;need to lead by example and&nbsp;<a href=\"https:\/\/www.vulvani.com\/en\/category\/menstruation-around-the-world-en\" target=\"_blank\" rel=\"noreferrer noopener\">share my story<\/a>&nbsp;to allow others to feel they can as&nbsp;well.<\/p><h3 class=\"wp-block-heading\">Do you have a&nbsp;particular funny, embarrassing or important story about menstruation?<\/h3><p>Oh too many to mention! I&nbsp;would say&nbsp;<a href=\"https:\/\/www.vulvani.com\/en\/cycle-awareness-in-harmony-with-ones-own-body\" target=\"_blank\" rel=\"noreferrer noopener\">you know your body better than anyone else<\/a>. So if something doesn\u2019t feel right or is impacting you daily,&nbsp;<a href=\"https:\/\/www.vulvani.com\/en\/the-taboo-of-menstruation-a-long-story\" target=\"_blank\" rel=\"noreferrer noopener\">speak up<\/a>! Don\u2019t be fobbed off \u2013 keep a&nbsp;pain and symptoms&nbsp;diary.<\/p><h3 class=\"wp-block-heading\">Do you have a&nbsp;good book recommendation?<\/h3><p>Check out \u201c<a href=\"https:\/\/www.amazon.de\/Period-Emma-Barnett\/dp\/0008308071\" target=\"_blank\" rel=\"noreferrer noopener\">It\u2019s about bloody time. Period.<\/a>\u201d by Emma Barnett!<\/p><h3 class=\"wp-block-heading\">Do you experience endometriosis?<\/h3><p>If you need support with endometriosis, please give&nbsp;<a href=\"https:\/\/www.instagram.com\/endodundee\/\" target=\"_blank\" rel=\"noreferrer noopener\">@EndoDundee<\/a>&nbsp;a&nbsp;follow&nbsp;\ud83d\udc4d<\/p><div class=\"wp-block-columns is-layout-flex wp-container-core-columns-is-layout-4 wp-block-columns-is-layout-flex\"><div class=\"wp-block-column is-layout-flow wp-block-column-is-layout-flow\"><div class=\"wp-block-image\"><figure class=\"aligncenter size-full\"><img loading=\"lazy\" decoding=\"async\" width=\"960\" height=\"640\" src=\"https:\/\/www.vulvani.com\/wp-content\/uploads\/2022\/10\/Vicky_2.jpg\" alt=\"\" class=\"wp-image-2021\" srcset=\"https:\/\/www.vulvani.com\/wp-content\/uploads\/2022\/10\/Vicky_2.jpg 960w, https:\/\/www.vulvani.com\/wp-content\/uploads\/2022\/10\/Vicky_2-416x277.jpg 416w, https:\/\/www.vulvani.com\/wp-content\/uploads\/2022\/10\/Vicky_2-300x200.jpg 300w, https:\/\/www.vulvani.com\/wp-content\/uploads\/2022\/10\/Vicky_2-768x512.jpg 768w\" sizes=\"(max-width: 960px) 100vw, 960px\" \/><figcaption class=\"wp-element-caption\">Photo Credits:&nbsp;<a rel=\"noreferrer noopener\" href=\"https:\/\/www.instagram.com\/endodundee\/\" target=\"_blank\">Vicky<\/a><\/figcaption><\/figure><\/div><\/div><\/div><hr class=\"wp-block-separator has-text-color has-vivid-green-cyan-color has-alpha-channel-opacity has-vivid-green-cyan-background-color has-background is-style-wide\"\/><div class=\"wp-block-columns is-layout-flex wp-container-core-columns-is-layout-5 wp-block-columns-is-layout-flex\"><div class=\"wp-block-column is-layout-flow wp-block-column-is-layout-flow\" style=\"flex-basis:66.66%\"><h3 class=\"wp-block-heading\">Do you want to become part of \u2018Menstruation around the&nbsp;world\u2019?<\/h3>\n\n<p>We hope to be able to present the portraits of menstruating people as varied and diverse as possible. And for this we need you \u2013 no matter how you feel about your own menstruation or where you come from! If you would like to be part of this series and share your personal experiences and thoughts about menstruation with us, please&nbsp;<a href=\"https:\/\/www.vulvani.com\/en\/contact\">write us a&nbsp;message<\/a>&nbsp;or simply&nbsp;<a href=\"https:\/\/docs.google.com\/forms\/d\/e\/1FAIpQLScU5bBinR_dTfXt4GIwZlK1rMrsvv7UMPDmb4rCC7b-7Zy0sg\/viewform\" target=\"_blank\" rel=\"noreferrer noopener\">fill out this questionnaire<\/a>&nbsp;(anonymously is also possible). We are already looking forward to sharing your story with the Vulvani community!<\/p><\/div>\n\n<div class=\"wp-block-column is-layout-flow wp-block-column-is-layout-flow\" style=\"flex-basis:33.33%\"><div class=\"wp-block-image\"><figure class=\"aligncenter size-full\"><img loading=\"lazy\" decoding=\"async\" width=\"700\" height=\"700\" src=\"https:\/\/www.vulvani.com\/wp-content\/uploads\/2022\/10\/Instagram-MATW-1.jpg\" alt=\"\" class=\"wp-image-1645\" srcset=\"https:\/\/www.vulvani.com\/wp-content\/uploads\/2022\/10\/Instagram-MATW-1.jpg 700w, https:\/\/www.vulvani.com\/wp-content\/uploads\/2022\/10\/Instagram-MATW-1-324x324.jpg 324w, https:\/\/www.vulvani.com\/wp-content\/uploads\/2022\/10\/Instagram-MATW-1-100x100.jpg 100w, https:\/\/www.vulvani.com\/wp-content\/uploads\/2022\/10\/Instagram-MATW-1-416x416.jpg 416w, https:\/\/www.vulvani.com\/wp-content\/uploads\/2022\/10\/Instagram-MATW-1-300x300.jpg 300w, https:\/\/www.vulvani.com\/wp-content\/uploads\/2022\/10\/Instagram-MATW-1-150x150.jpg 150w\" sizes=\"(max-width: 700px) 100vw, 700px\" \/><\/figure><\/div><\/div><\/div><hr class=\"wp-block-separator has-text-color has-vivid-green-cyan-color has-alpha-channel-opacity has-vivid-green-cyan-background-color has-background is-style-wide\"\/>","protected":false},"excerpt":{"rendered":"<p>Because of her endometriosis experience Vicky is now a leader in a support group for menstruating people with endometriosis. Let&#8217;s hear her story.<\/p>\n","protected":false},"author":25,"featured_media":2626,"comment_status":"open","ping_status":"open","sticky":false,"template":"","format":"standard","meta":{"_acf_changed":false,"_mo_disable_npp":"","footnotes":""},"categories":[68],"tags":[],"class_list":["post-3702","post","type-post","status-publish","format-standard","has-post-thumbnail","hentry","category-menstruation-around-the-world-en"],"acf":[],"yoast_head":"<!-- This site is optimized with the Yoast SEO plugin v23.8 - https:\/\/yoast.com\/wordpress\/plugins\/seo\/ -->\n<title>More than just a\u00a0bad period \u2013 Vicky\u2019s endometriosis experience - Vulvani<\/title>\n<meta name=\"description\" content=\"Because of her endometriosis experience Vicky is now a leader in a support group for menstruating people with endometriosis. Let&#039;s hear her story.\" \/>\n<meta name=\"robots\" content=\"index, follow, max-snippet:-1, max-image-preview:large, max-video-preview:-1\" \/>\n<link rel=\"canonical\" href=\"https:\/\/www.vulvani.com\/en\/more-than-just-a-bad-period-vickys-endometriosis-experience\/\" \/>\n<meta property=\"og:locale\" content=\"en_US\" \/>\n<meta property=\"og:type\" content=\"article\" \/>\n<meta property=\"og:title\" content=\"More than just a\u00a0bad period \u2013 Vicky\u2019s endometriosis experience - Vulvani\" \/>\n<meta property=\"og:description\" content=\"Because of her endometriosis experience Vicky is now a leader in a support group for menstruating people with endometriosis. Let&#039;s hear her story.\" \/>\n<meta property=\"og:url\" content=\"https:\/\/www.vulvani.com\/en\/more-than-just-a-bad-period-vickys-endometriosis-experience\/\" \/>\n<meta property=\"og:site_name\" content=\"Vulvani\" \/>\n<meta property=\"article:publisher\" content=\"https:\/\/facebook.com\/vulvani\" \/>\n<meta property=\"article:published_time\" content=\"2021-10-05T04:03:00+00:00\" \/>\n<meta property=\"article:modified_time\" content=\"2022-11-03T06:38:29+00:00\" \/>\n<meta property=\"og:image\" content=\"https:\/\/www.vulvani.com\/wp-content\/uploads\/2022\/10\/Beitragsbild_Wordpress3111.jpg\" \/>\n\t<meta property=\"og:image:width\" content=\"1600\" \/>\n\t<meta property=\"og:image:height\" content=\"836\" \/>\n\t<meta property=\"og:image:type\" content=\"image\/jpeg\" \/>\n<meta name=\"author\" content=\"Vivi\" \/>\n<meta name=\"twitter:card\" content=\"summary_large_image\" \/>\n<meta name=\"twitter:label1\" content=\"Written by\" \/>\n\t<meta name=\"twitter:data1\" content=\"Vivi\" \/>\n\t<meta name=\"twitter:label2\" content=\"Est. reading time\" \/>\n\t<meta name=\"twitter:data2\" content=\"6 minutes\" \/>\n<script type=\"application\/ld+json\" class=\"yoast-schema-graph\">{\"@context\":\"https:\/\/schema.org\",\"@graph\":[{\"@type\":\"Article\",\"@id\":\"https:\/\/www.vulvani.com\/en\/more-than-just-a-bad-period-vickys-endometriosis-experience\/#article\",\"isPartOf\":{\"@id\":\"https:\/\/www.vulvani.com\/en\/more-than-just-a-bad-period-vickys-endometriosis-experience\/\"},\"author\":{\"name\":\"Vivi\",\"@id\":\"https:\/\/www.vulvani.com\/en\/#\/schema\/person\/687cf27e209cc663372bea76c1ce90be\"},\"headline\":\"More than just a\u00a0bad period \u2013 Vicky\u2019s endometriosis experience\",\"datePublished\":\"2021-10-05T04:03:00+00:00\",\"dateModified\":\"2022-11-03T06:38:29+00:00\",\"mainEntityOfPage\":{\"@id\":\"https:\/\/www.vulvani.com\/en\/more-than-just-a-bad-period-vickys-endometriosis-experience\/\"},\"wordCount\":948,\"commentCount\":0,\"publisher\":{\"@id\":\"https:\/\/www.vulvani.com\/en\/#organization\"},\"image\":{\"@id\":\"https:\/\/www.vulvani.com\/en\/more-than-just-a-bad-period-vickys-endometriosis-experience\/#primaryimage\"},\"thumbnailUrl\":\"https:\/\/www.vulvani.com\/wp-content\/uploads\/2022\/10\/Beitragsbild_Wordpress3111.jpg\",\"articleSection\":[\"Menstruation Around the World\"],\"inLanguage\":\"en-US\",\"potentialAction\":[{\"@type\":\"CommentAction\",\"name\":\"Comment\",\"target\":[\"https:\/\/www.vulvani.com\/en\/more-than-just-a-bad-period-vickys-endometriosis-experience\/#respond\"]}]},{\"@type\":\"WebPage\",\"@id\":\"https:\/\/www.vulvani.com\/en\/more-than-just-a-bad-period-vickys-endometriosis-experience\/\",\"url\":\"https:\/\/www.vulvani.com\/en\/more-than-just-a-bad-period-vickys-endometriosis-experience\/\",\"name\":\"More than just a\u00a0bad period \u2013 Vicky\u2019s endometriosis experience - Vulvani\",\"isPartOf\":{\"@id\":\"https:\/\/www.vulvani.com\/en\/#website\"},\"primaryImageOfPage\":{\"@id\":\"https:\/\/www.vulvani.com\/en\/more-than-just-a-bad-period-vickys-endometriosis-experience\/#primaryimage\"},\"image\":{\"@id\":\"https:\/\/www.vulvani.com\/en\/more-than-just-a-bad-period-vickys-endometriosis-experience\/#primaryimage\"},\"thumbnailUrl\":\"https:\/\/www.vulvani.com\/wp-content\/uploads\/2022\/10\/Beitragsbild_Wordpress3111.jpg\",\"datePublished\":\"2021-10-05T04:03:00+00:00\",\"dateModified\":\"2022-11-03T06:38:29+00:00\",\"description\":\"Because of her endometriosis experience Vicky is now a leader in a support group for menstruating people with endometriosis. Let's hear her story.\",\"breadcrumb\":{\"@id\":\"https:\/\/www.vulvani.com\/en\/more-than-just-a-bad-period-vickys-endometriosis-experience\/#breadcrumb\"},\"inLanguage\":\"en-US\",\"potentialAction\":[{\"@type\":\"ReadAction\",\"target\":[\"https:\/\/www.vulvani.com\/en\/more-than-just-a-bad-period-vickys-endometriosis-experience\/\"]}]},{\"@type\":\"ImageObject\",\"inLanguage\":\"en-US\",\"@id\":\"https:\/\/www.vulvani.com\/en\/more-than-just-a-bad-period-vickys-endometriosis-experience\/#primaryimage\",\"url\":\"https:\/\/www.vulvani.com\/wp-content\/uploads\/2022\/10\/Beitragsbild_Wordpress3111.jpg\",\"contentUrl\":\"https:\/\/www.vulvani.com\/wp-content\/uploads\/2022\/10\/Beitragsbild_Wordpress3111.jpg\",\"width\":1600,\"height\":836},{\"@type\":\"BreadcrumbList\",\"@id\":\"https:\/\/www.vulvani.com\/en\/more-than-just-a-bad-period-vickys-endometriosis-experience\/#breadcrumb\",\"itemListElement\":[{\"@type\":\"ListItem\",\"position\":1,\"name\":\"Startseite\",\"item\":\"https:\/\/www.vulvani.com\/en\/\"},{\"@type\":\"ListItem\",\"position\":2,\"name\":\"More than just a\u00a0bad period \u2013 Vicky\u2019s endometriosis experience\"}]},{\"@type\":\"WebSite\",\"@id\":\"https:\/\/www.vulvani.com\/en\/#website\",\"url\":\"https:\/\/www.vulvani.com\/en\/\",\"name\":\"Vulvani\",\"description\":\"Let it flow - the education platform all around your body!\",\"publisher\":{\"@id\":\"https:\/\/www.vulvani.com\/en\/#organization\"},\"potentialAction\":[{\"@type\":\"SearchAction\",\"target\":{\"@type\":\"EntryPoint\",\"urlTemplate\":\"https:\/\/www.vulvani.com\/en\/?s={search_term_string}\"},\"query-input\":{\"@type\":\"PropertyValueSpecification\",\"valueRequired\":true,\"valueName\":\"search_term_string\"}}],\"inLanguage\":\"en-US\"},{\"@type\":\"Organization\",\"@id\":\"https:\/\/www.vulvani.com\/en\/#organization\",\"name\":\"Vulvani\",\"url\":\"https:\/\/www.vulvani.com\/en\/\",\"logo\":{\"@type\":\"ImageObject\",\"inLanguage\":\"en-US\",\"@id\":\"https:\/\/www.vulvani.com\/en\/#\/schema\/logo\/image\/\",\"url\":\"https:\/\/www.vulvani.com\/wp-content\/uploads\/2022\/10\/Vulvani-Logo-PNG-500px.png\",\"contentUrl\":\"https:\/\/www.vulvani.com\/wp-content\/uploads\/2022\/10\/Vulvani-Logo-PNG-500px.png\",\"width\":500,\"height\":125,\"caption\":\"Vulvani\"},\"image\":{\"@id\":\"https:\/\/www.vulvani.com\/en\/#\/schema\/logo\/image\/\"},\"sameAs\":[\"https:\/\/facebook.com\/vulvani\",\"https:\/\/instagram.com\/vulvani_\",\"https:\/\/www.pinterest.de\/vulvani\/\"]},{\"@type\":\"Person\",\"@id\":\"https:\/\/www.vulvani.com\/en\/#\/schema\/person\/687cf27e209cc663372bea76c1ce90be\",\"name\":\"Vivi\",\"image\":{\"@type\":\"ImageObject\",\"inLanguage\":\"en-US\",\"@id\":\"https:\/\/www.vulvani.com\/en\/#\/schema\/person\/image\/\",\"url\":\"https:\/\/www.vulvani.com\/wp-content\/uploads\/2022\/10\/IMG_20211128_195601_865-1-scaled-min-96x96.jpg\",\"contentUrl\":\"https:\/\/www.vulvani.com\/wp-content\/uploads\/2022\/10\/IMG_20211128_195601_865-1-scaled-min-96x96.jpg\",\"caption\":\"Vivi\"},\"description\":\"Vivi studiert Journalistik und Kommunikationswissenschaft im sch\u00f6nen Hamburg und ist seit Juli Teil des Vulvani-Teams im Bereich Social Media und Content. Ihre Lieblingsaktivit\u00e4ten sind: mit Freund:innen durch die Stadt spazieren, Serien bingen und leckeres veganes Essen kochen\/schmausen (nicht unbedingt in dieser Reihenfolge). Sie interessiert sich sehr f\u00fcr Menstrual Health und findet, dass es noch soooo viel \u00fcber den menschlichen K\u00f6rper zu lernen gibt. Instagram | LinkedIn\",\"sameAs\":[\"https:\/\/www.instagram.com\/_vivi_d_n_e_s_s_\/\",\"https:\/\/www.linkedin.com\/in\/vivien-ulm\/\"],\"url\":\"https:\/\/www.vulvani.com\/en\/author\/vivien\/\"}]}<\/script>\n<!-- \/ Yoast SEO plugin. -->","yoast_head_json":{"title":"More than just a\u00a0bad period \u2013 Vicky\u2019s endometriosis experience - Vulvani","description":"Because of her endometriosis experience Vicky is now a leader in a support group for menstruating people with endometriosis. Let's hear her story.","robots":{"index":"index","follow":"follow","max-snippet":"max-snippet:-1","max-image-preview":"max-image-preview:large","max-video-preview":"max-video-preview:-1"},"canonical":"https:\/\/www.vulvani.com\/en\/more-than-just-a-bad-period-vickys-endometriosis-experience\/","og_locale":"en_US","og_type":"article","og_title":"More than just a\u00a0bad period \u2013 Vicky\u2019s endometriosis experience - Vulvani","og_description":"Because of her endometriosis experience Vicky is now a leader in a support group for menstruating people with endometriosis. Let's hear her story.","og_url":"https:\/\/www.vulvani.com\/en\/more-than-just-a-bad-period-vickys-endometriosis-experience\/","og_site_name":"Vulvani","article_publisher":"https:\/\/facebook.com\/vulvani","article_published_time":"2021-10-05T04:03:00+00:00","article_modified_time":"2022-11-03T06:38:29+00:00","og_image":[{"width":1600,"height":836,"url":"https:\/\/www.vulvani.com\/wp-content\/uploads\/2022\/10\/Beitragsbild_Wordpress3111.jpg","type":"image\/jpeg"}],"author":"Vivi","twitter_card":"summary_large_image","twitter_misc":{"Written by":"Vivi","Est. reading time":"6 minutes"},"schema":{"@context":"https:\/\/schema.org","@graph":[{"@type":"Article","@id":"https:\/\/www.vulvani.com\/en\/more-than-just-a-bad-period-vickys-endometriosis-experience\/#article","isPartOf":{"@id":"https:\/\/www.vulvani.com\/en\/more-than-just-a-bad-period-vickys-endometriosis-experience\/"},"author":{"name":"Vivi","@id":"https:\/\/www.vulvani.com\/en\/#\/schema\/person\/687cf27e209cc663372bea76c1ce90be"},"headline":"More than just a\u00a0bad period \u2013 Vicky\u2019s endometriosis experience","datePublished":"2021-10-05T04:03:00+00:00","dateModified":"2022-11-03T06:38:29+00:00","mainEntityOfPage":{"@id":"https:\/\/www.vulvani.com\/en\/more-than-just-a-bad-period-vickys-endometriosis-experience\/"},"wordCount":948,"commentCount":0,"publisher":{"@id":"https:\/\/www.vulvani.com\/en\/#organization"},"image":{"@id":"https:\/\/www.vulvani.com\/en\/more-than-just-a-bad-period-vickys-endometriosis-experience\/#primaryimage"},"thumbnailUrl":"https:\/\/www.vulvani.com\/wp-content\/uploads\/2022\/10\/Beitragsbild_Wordpress3111.jpg","articleSection":["Menstruation Around the World"],"inLanguage":"en-US","potentialAction":[{"@type":"CommentAction","name":"Comment","target":["https:\/\/www.vulvani.com\/en\/more-than-just-a-bad-period-vickys-endometriosis-experience\/#respond"]}]},{"@type":"WebPage","@id":"https:\/\/www.vulvani.com\/en\/more-than-just-a-bad-period-vickys-endometriosis-experience\/","url":"https:\/\/www.vulvani.com\/en\/more-than-just-a-bad-period-vickys-endometriosis-experience\/","name":"More than just a\u00a0bad period \u2013 Vicky\u2019s endometriosis experience - Vulvani","isPartOf":{"@id":"https:\/\/www.vulvani.com\/en\/#website"},"primaryImageOfPage":{"@id":"https:\/\/www.vulvani.com\/en\/more-than-just-a-bad-period-vickys-endometriosis-experience\/#primaryimage"},"image":{"@id":"https:\/\/www.vulvani.com\/en\/more-than-just-a-bad-period-vickys-endometriosis-experience\/#primaryimage"},"thumbnailUrl":"https:\/\/www.vulvani.com\/wp-content\/uploads\/2022\/10\/Beitragsbild_Wordpress3111.jpg","datePublished":"2021-10-05T04:03:00+00:00","dateModified":"2022-11-03T06:38:29+00:00","description":"Because of her endometriosis experience Vicky is now a leader in a support group for menstruating people with endometriosis. Let's hear her story.","breadcrumb":{"@id":"https:\/\/www.vulvani.com\/en\/more-than-just-a-bad-period-vickys-endometriosis-experience\/#breadcrumb"},"inLanguage":"en-US","potentialAction":[{"@type":"ReadAction","target":["https:\/\/www.vulvani.com\/en\/more-than-just-a-bad-period-vickys-endometriosis-experience\/"]}]},{"@type":"ImageObject","inLanguage":"en-US","@id":"https:\/\/www.vulvani.com\/en\/more-than-just-a-bad-period-vickys-endometriosis-experience\/#primaryimage","url":"https:\/\/www.vulvani.com\/wp-content\/uploads\/2022\/10\/Beitragsbild_Wordpress3111.jpg","contentUrl":"https:\/\/www.vulvani.com\/wp-content\/uploads\/2022\/10\/Beitragsbild_Wordpress3111.jpg","width":1600,"height":836},{"@type":"BreadcrumbList","@id":"https:\/\/www.vulvani.com\/en\/more-than-just-a-bad-period-vickys-endometriosis-experience\/#breadcrumb","itemListElement":[{"@type":"ListItem","position":1,"name":"Startseite","item":"https:\/\/www.vulvani.com\/en\/"},{"@type":"ListItem","position":2,"name":"More than just a\u00a0bad period \u2013 Vicky\u2019s endometriosis experience"}]},{"@type":"WebSite","@id":"https:\/\/www.vulvani.com\/en\/#website","url":"https:\/\/www.vulvani.com\/en\/","name":"Vulvani","description":"Let it flow - the education platform all around your body!","publisher":{"@id":"https:\/\/www.vulvani.com\/en\/#organization"},"potentialAction":[{"@type":"SearchAction","target":{"@type":"EntryPoint","urlTemplate":"https:\/\/www.vulvani.com\/en\/?s={search_term_string}"},"query-input":{"@type":"PropertyValueSpecification","valueRequired":true,"valueName":"search_term_string"}}],"inLanguage":"en-US"},{"@type":"Organization","@id":"https:\/\/www.vulvani.com\/en\/#organization","name":"Vulvani","url":"https:\/\/www.vulvani.com\/en\/","logo":{"@type":"ImageObject","inLanguage":"en-US","@id":"https:\/\/www.vulvani.com\/en\/#\/schema\/logo\/image\/","url":"https:\/\/www.vulvani.com\/wp-content\/uploads\/2022\/10\/Vulvani-Logo-PNG-500px.png","contentUrl":"https:\/\/www.vulvani.com\/wp-content\/uploads\/2022\/10\/Vulvani-Logo-PNG-500px.png","width":500,"height":125,"caption":"Vulvani"},"image":{"@id":"https:\/\/www.vulvani.com\/en\/#\/schema\/logo\/image\/"},"sameAs":["https:\/\/facebook.com\/vulvani","https:\/\/instagram.com\/vulvani_","https:\/\/www.pinterest.de\/vulvani\/"]},{"@type":"Person","@id":"https:\/\/www.vulvani.com\/en\/#\/schema\/person\/687cf27e209cc663372bea76c1ce90be","name":"Vivi","image":{"@type":"ImageObject","inLanguage":"en-US","@id":"https:\/\/www.vulvani.com\/en\/#\/schema\/person\/image\/","url":"https:\/\/www.vulvani.com\/wp-content\/uploads\/2022\/10\/IMG_20211128_195601_865-1-scaled-min-96x96.jpg","contentUrl":"https:\/\/www.vulvani.com\/wp-content\/uploads\/2022\/10\/IMG_20211128_195601_865-1-scaled-min-96x96.jpg","caption":"Vivi"},"description":"Vivi studiert Journalistik und Kommunikationswissenschaft im sch\u00f6nen Hamburg und ist seit Juli Teil des Vulvani-Teams im Bereich Social Media und Content. Ihre Lieblingsaktivit\u00e4ten sind: mit Freund:innen durch die Stadt spazieren, Serien bingen und leckeres veganes Essen kochen\/schmausen (nicht unbedingt in dieser Reihenfolge). Sie interessiert sich sehr f\u00fcr Menstrual Health und findet, dass es noch soooo viel \u00fcber den menschlichen K\u00f6rper zu lernen gibt. Instagram | LinkedIn","sameAs":["https:\/\/www.instagram.com\/_vivi_d_n_e_s_s_\/","https:\/\/www.linkedin.com\/in\/vivien-ulm\/"],"url":"https:\/\/www.vulvani.com\/en\/author\/vivien\/"}]}},"_links":{"self":[{"href":"https:\/\/www.vulvani.com\/en\/wp-json\/wp\/v2\/posts\/3702","targetHints":{"allow":["GET"]}}],"collection":[{"href":"https:\/\/www.vulvani.com\/en\/wp-json\/wp\/v2\/posts"}],"about":[{"href":"https:\/\/www.vulvani.com\/en\/wp-json\/wp\/v2\/types\/post"}],"author":[{"embeddable":true,"href":"https:\/\/www.vulvani.com\/en\/wp-json\/wp\/v2\/users\/25"}],"replies":[{"embeddable":true,"href":"https:\/\/www.vulvani.com\/en\/wp-json\/wp\/v2\/comments?post=3702"}],"version-history":[{"count":0,"href":"https:\/\/www.vulvani.com\/en\/wp-json\/wp\/v2\/posts\/3702\/revisions"}],"wp:featuredmedia":[{"embeddable":true,"href":"https:\/\/www.vulvani.com\/en\/wp-json\/wp\/v2\/media\/2626"}],"wp:attachment":[{"href":"https:\/\/www.vulvani.com\/en\/wp-json\/wp\/v2\/media?parent=3702"}],"wp:term":[{"taxonomy":"category","embeddable":true,"href":"https:\/\/www.vulvani.com\/en\/wp-json\/wp\/v2\/categories?post=3702"},{"taxonomy":"post_tag","embeddable":true,"href":"https:\/\/www.vulvani.com\/en\/wp-json\/wp\/v2\/tags?post=3702"}],"curies":[{"name":"wp","href":"https:\/\/api.w.org\/{rel}","templated":true}]}}