{"id":3743,"date":"2021-12-29T04:16:00","date_gmt":"2021-12-29T04:16:00","guid":{"rendered":"https:\/\/www.vulvani.com\/das-periodengedicht-das-gewohnliche-und-ausergewohnliche\/"},"modified":"2022-11-03T12:54:33","modified_gmt":"2022-11-03T12:54:33","slug":"the-period-poem-the-ordinary-and-extraordinary","status":"publish","type":"post","link":"https:\/\/www.vulvani.com\/en\/the-period-poem-the-ordinary-and-extraordinary\/","title":{"rendered":"The Period Poem: the Ordinary and Extraordinary"},"content":{"rendered":"<p><strong><em>The Period Poem<\/em><\/strong>, by Dominique Christina, is a&nbsp;masterpiece. Written for her daughter in response to a&nbsp;tweet from someone who expressed&nbsp;<a href=\"https:\/\/www.vulvani.com\/en\/menstruation-social-taboos-and-discrimination\" target=\"_blank\" rel=\"noreferrer noopener\">disgust at the idea of menstruation<\/a>, it is an example of spoken poetry that is simply fantastic to hear read aloud. It\u2019s a&nbsp;raw expression of righteous fury at the stigma in the world, from a&nbsp;mother\u2019s perspective. But it\u2019s also a&nbsp;beautifully worded and thought-out&nbsp;<a href=\"https:\/\/www.vulvani.com\/en\/celebrating-the-first-period-a-mexican-tradition\" target=\"_blank\" rel=\"noreferrer noopener\">celebration of the act of menstruation<\/a>, a&nbsp;love letter to what it means and the strength of&nbsp;<a href=\"https:\/\/www.vulvani.com\/en\/why-are-we-using-the-term-menstruating-people\" target=\"_blank\" rel=\"noreferrer noopener\">menstruating people<\/a>. Listening to it is an intensely validating experience, from the spectacular imagery to the low-level grumbling of real, down-to-earth&nbsp;<a href=\"https:\/\/www.vulvani.com\/en\/category\/menstruation-around-the-world-en\" target=\"_blank\" rel=\"noreferrer noopener\">frustrations many menstruators will sympathise with<\/a>. Christina\u2019s poem doesn\u2019t only turn menstruation into something that can be loved, something beautiful \u2013 it turns it into something spiritual, powerful, and strong.<\/p><div class=\"wp-block-columns is-layout-flex wp-container-core-columns-is-layout-1 wp-block-columns-is-layout-flex\"><div class=\"wp-block-column is-layout-flow wp-block-column-is-layout-flow\"><figure class=\"wp-block-embed is-type-video is-provider-youtube wp-block-embed-youtube wp-embed-aspect-16-9 wp-has-aspect-ratio\"><div class=\"wp-block-embed__wrapper\">\n<iframe title=\"Dominique Christina - &quot;The Period Poem&quot;\" width=\"1140\" height=\"641\" src=\"https:\/\/www.youtube.com\/embed\/4vu2BsePvoI?feature=oembed\" frameborder=\"0\" allow=\"accelerometer; autoplay; clipboard-write; encrypted-media; gyroscope; picture-in-picture\" allowfullscreen><\/iframe>\n<\/div><\/figure><\/div><\/div><h3 class=\"wp-block-heading\">Anatomy in&nbsp;<em>The Period Poem<\/em><\/h3><p>Christina\u2019s words are always kept grounded in reality. She explores the anatomy of periods through her words, but in an incredible way. Every scientific fact she presents is spun into something beautiful, something that seems bigger than&nbsp;<a href=\"https:\/\/www.vulvani.com\/en\/menstruation-101-the-most-important-period-facts-explained\" target=\"_blank\" rel=\"noreferrer noopener\">the act of menstruation<\/a>&nbsp;might actually&nbsp;be.<\/p><blockquote class=\"wp-block-quote is-layout-flow wp-block-quote-is-layout-flow\"><p><strong>\u201cWomen have vaginas that can speak to each other and by this I&nbsp;mean, when we\u2019re with our friends, our sisters, our mothers, our menstrual cycles will actually sync the fuck up. My own cervix is mad influential, everybody I&nbsp;love knows how to bleed with&nbsp;me.\u201d<\/strong><\/p><\/blockquote><div class=\"wp-block-columns is-layout-flex wp-container-core-columns-is-layout-2 wp-block-columns-is-layout-flex\"><div class=\"wp-block-column is-layout-flow wp-block-column-is-layout-flow\"><\/div><\/div><p>Menstruation can be messy, and&nbsp;<a href=\"https:\/\/www.vulvani.com\/en\/why-do-we-experience-period-pain-and-what-is-normal\" target=\"_blank\" rel=\"noreferrer noopener\">it can hurt a&nbsp;lot<\/a>, but it is a&nbsp;fact of life! And one she tries to see the positives in. Positives like a&nbsp;connection between herself and&nbsp;<a href=\"https:\/\/www.vulvani.com\/en\/including-the-men-in-menstruation-trans-periods-branding\" target=\"_blank\" rel=\"noreferrer noopener\">other menstruators<\/a>, the necessity of that biological process for continued life \u2013 all of which she expresses beautifully. You can say that menstruation is needed for reproduction, or you can say&nbsp;<em>\u201cwhen your mother carried you, the ocean in her belly is what made you buoyant, made you possible.\u201d<\/em>&nbsp;One of them is certainly more impactful.<\/p><h3 class=\"wp-block-heading\">Blood, Love and Culture<\/h3><p>The biology of menstruation is the baseline but the poeticisms are the beauty she layers onto it \u2013 and the points she makes are wonderful. A&nbsp;lot of literature is chock full of imagery of blood, cycles, regeneration, healing. Christina is not the first to connect these themes to menstruation in order to celebrate periods, but she does it beautifully.&nbsp;<em>\u201cBlood is the biggest siren, and we understand that blood misbehaves\u201d<\/em>&nbsp;\u2013&nbsp;our culture gluts itself on metaphors of family lines, warriors, inheritance and other dozens of images that blood conjures.<\/p><blockquote class=\"wp-block-quote is-layout-flow wp-block-quote-is-layout-flow\"><p><strong><em>\u201cEtymologically, bless means to make bleed \u2026 In other words, blood speaks, that\u2019s the message.\u201d<\/em><\/strong><\/p><\/blockquote><div class=\"wp-block-columns is-layout-flex wp-container-core-columns-is-layout-3 wp-block-columns-is-layout-flex\"><div class=\"wp-block-column is-layout-flow wp-block-column-is-layout-flow\"><p><\/p><\/div><\/div><p>This rich repository of shared imagery and associations that Christina draws on, she uses with&nbsp;effect. I&nbsp;felt so emotional while listening for the first time.&nbsp;<a href=\"https:\/\/www.vulvani.com\/en\/is-my-period-normal-all-about-your-menstruation\" target=\"_blank\" rel=\"noreferrer noopener\">Menstruation is, as I&nbsp;will continue to emphasise, an everyday, commonplace thing<\/a>. But you can easily draw links through language and motifs to much grander themes in the stories we tell ourselves, and when Christina does so, she doesn\u2019t just validate our experiences. She makes us the heroes of our own stories.<\/p><blockquote class=\"wp-block-quote is-layout-flow wp-block-quote-is-layout-flow\"><p><strong>\u201cAnd when you deal in blood over and over again like we do, when it keeps returning to you, well, that makes you a&nbsp;warrior.\u201d<\/strong><\/p><\/blockquote><div class=\"wp-block-columns is-layout-flex wp-container-core-columns-is-layout-4 wp-block-columns-is-layout-flex\"><div class=\"wp-block-column is-layout-flow wp-block-column-is-layout-flow\"><p><\/p><\/div><\/div><h3 class=\"wp-block-heading\"><em>The Period Poem<\/em>&nbsp;\u2026 and the Period Life<\/h3><p>But the main reason that&nbsp;<strong><em>The Period Poem<\/em><\/strong>&nbsp;hits so hard is that it is true. None of the facts that Christina uses are wrong, none are unrelatable \u2026 and so none are easy to dismiss.<\/p><p>The poet has had periods. Most of the listeners have had periods. And those who have probably have at least one or two stories of unmitigated disaster from&nbsp;<a href=\"https:\/\/www.vulvani.com\/en\/a-menstruation-organization-against-period-poverty-in-kenya\" target=\"_blank\" rel=\"noreferrer noopener\">when the blood turned up unexpectedly<\/a>. Blood&nbsp;<em>\u201c<\/em><em>interrupts our favourite white skirts, and shows up at dinner parties unannounced, blood will do that.\u201d<\/em>&nbsp;It will do that. That\u2019s life,&nbsp;<a href=\"https:\/\/www.vulvani.com\/en\/the-taboo-of-menstruation-a-long-story\" target=\"_blank\" rel=\"noreferrer noopener\">that\u2019s life with menstruation<\/a>&nbsp;and that is undeniably&nbsp;true.<\/p><p>But&nbsp;<strong><em>The Period Poem<\/em><\/strong>&nbsp;doesn\u2019t bemoan it. It\u2019s inconvenient \u2013 definitely!&nbsp;<a href=\"https:\/\/www.vulvani.com\/en\/how-to-talk-about-your-period-replacing-stigma-with-openness\" target=\"_blank\" rel=\"noreferrer noopener\">But not something to shake your head in disgust at.<\/a>&nbsp;It is something that happens, something with a&nbsp;<a href=\"https:\/\/www.vulvani.com\/en\/menotoxins-in-a-history-of-periods-impurity-or-superstition\" target=\"_blank\" rel=\"noreferrer noopener\">long history<\/a>&nbsp;and a&nbsp;rich connection to poetry, art, and other forms of storytelling. We tell epic tales of the blood of battles and violence; this is the epic tale of the blood of regeneration and new growth. Menstruation is the blood as old as&nbsp;time.<\/p><blockquote class=\"wp-block-quote is-layout-flow wp-block-quote-is-layout-flow\"><p>\u201cJust bleed anyhow, spill your impossible scripture all over the good furniture.\u201d<\/p><\/blockquote><div class=\"wp-block-columns is-layout-flex wp-container-core-columns-is-layout-5 wp-block-columns-is-layout-flex\"><div class=\"wp-block-column is-layout-flow wp-block-column-is-layout-flow\"><p><\/p><\/div><\/div><h3 class=\"wp-block-heading\">What&nbsp;<em>The Period Poem<\/em>&nbsp;means<\/h3><p><em>The&nbsp;<strong>Period Poem<\/strong><\/em>&nbsp;is stunning. I&nbsp;have made my thoughts on that clear. Its language is rich, Christina\u2019s delivery is stellar, and it makes me gasp out loud and grin every time I&nbsp;listen to it. There is everything perfectly ordinary about our bodies, but that doesn\u2019t mean there is nothing extraordinary, and that is what comes out in this poem. It is a&nbsp;ballad to the&nbsp;<a href=\"https:\/\/www.vulvani.com\/en\/periods-in-ancient-greece-how-different-were-they-from-today\" target=\"_blank\" rel=\"noreferrer noopener\">long tradition of menstruation<\/a>, celebrating the simple facts about menstruating bodies and sensationalising them into something stunning. There is no shame in this poem \u2013 only&nbsp;pride.<\/p><p>The poem is a&nbsp;wonderful thing for anyone to hear, whatever your age or beliefs about your body. Its clear message is as bold and brilliant as it is simple:&nbsp;<a href=\"https:\/\/www.vulvani.com\/en\/period-euphemisms-call-it-by-its-name-period\" target=\"_blank\" rel=\"noreferrer noopener\">we must reject this shame<\/a>. Even if you can\u2019t celebrate menstruation, or do not feel comfortable doing so, there is no need to despise it. It is not disgusting. It is mundane. And it is spiritual. But whether it is an inconvenience, or something more powerful than we can understand, it is still&nbsp;ours.<\/p><p>And there is so much more art and poetry about periods out there! Here is a&nbsp;little&nbsp;<a href=\"https:\/\/www.poetryfoundation.org\/harriet-books\/2015\/04\/rubyfloetics-a-period-poem-mixtape\" target=\"_blank\" rel=\"noreferrer noopener\">poem mixtape<\/a>!<\/p>","protected":false},"excerpt":{"rendered":"<p>Dominique Christina\u2019s spoken poem is a beautifully resonant love letter to menstruation. Ailsa discusses what &#8220;The Period Poem&#8221; means to her.<\/p>\n","protected":false},"author":4,"featured_media":2637,"comment_status":"open","ping_status":"open","sticky":false,"template":"","format":"standard","meta":{"_acf_changed":false,"_mo_disable_npp":"","footnotes":""},"categories":[62],"tags":[],"class_list":["post-3743","post","type-post","status-publish","format-standard","has-post-thumbnail","hentry","category-society-news"],"acf":[],"yoast_head":"<!-- This site is optimized with the Yoast SEO plugin v23.8 - https:\/\/yoast.com\/wordpress\/plugins\/seo\/ -->\n<title>The Period Poem: the Ordinary and Extraordinary - Vulvani<\/title>\n<meta name=\"description\" content=\"Dominique Christina\u2019s spoken poem is a beautifully resonant love letter to menstruation. Ailsa discusses what &quot;The Period Poem&quot; means to her.\" \/>\n<meta name=\"robots\" content=\"index, follow, max-snippet:-1, max-image-preview:large, max-video-preview:-1\" \/>\n<link rel=\"canonical\" href=\"https:\/\/www.vulvani.com\/en\/the-period-poem-the-ordinary-and-extraordinary\/\" \/>\n<meta property=\"og:locale\" content=\"en_US\" \/>\n<meta property=\"og:type\" content=\"article\" \/>\n<meta property=\"og:title\" content=\"The Period Poem: the Ordinary and Extraordinary - Vulvani\" \/>\n<meta property=\"og:description\" content=\"Dominique Christina\u2019s spoken poem is a beautifully resonant love letter to menstruation. Ailsa discusses what &quot;The Period Poem&quot; means to her.\" \/>\n<meta property=\"og:url\" content=\"https:\/\/www.vulvani.com\/en\/the-period-poem-the-ordinary-and-extraordinary\/\" \/>\n<meta property=\"og:site_name\" content=\"Vulvani\" \/>\n<meta property=\"article:publisher\" content=\"https:\/\/facebook.com\/vulvani\" \/>\n<meta property=\"article:published_time\" content=\"2021-12-29T04:16:00+00:00\" \/>\n<meta property=\"article:modified_time\" content=\"2022-11-03T12:54:33+00:00\" \/>\n<meta property=\"og:image\" content=\"https:\/\/www.vulvani.com\/wp-content\/uploads\/2022\/10\/Beitragsbild_Wordpress21-2.jpg\" \/>\n\t<meta property=\"og:image:width\" content=\"1600\" \/>\n\t<meta property=\"og:image:height\" content=\"836\" \/>\n\t<meta property=\"og:image:type\" content=\"image\/jpeg\" \/>\n<meta name=\"author\" content=\"Ailsa\" \/>\n<meta name=\"twitter:card\" content=\"summary_large_image\" \/>\n<meta name=\"twitter:label1\" content=\"Written by\" \/>\n\t<meta name=\"twitter:data1\" content=\"Ailsa\" \/>\n\t<meta name=\"twitter:label2\" content=\"Est. reading time\" \/>\n\t<meta name=\"twitter:data2\" content=\"6 minutes\" \/>\n<script type=\"application\/ld+json\" class=\"yoast-schema-graph\">{\"@context\":\"https:\/\/schema.org\",\"@graph\":[{\"@type\":\"Article\",\"@id\":\"https:\/\/www.vulvani.com\/en\/the-period-poem-the-ordinary-and-extraordinary\/#article\",\"isPartOf\":{\"@id\":\"https:\/\/www.vulvani.com\/en\/the-period-poem-the-ordinary-and-extraordinary\/\"},\"author\":{\"name\":\"Ailsa\",\"@id\":\"https:\/\/www.vulvani.com\/en\/#\/schema\/person\/3481fa8329706677fe258b1fec5171ef\"},\"headline\":\"The Period Poem: the Ordinary and Extraordinary\",\"datePublished\":\"2021-12-29T04:16:00+00:00\",\"dateModified\":\"2022-11-03T12:54:33+00:00\",\"mainEntityOfPage\":{\"@id\":\"https:\/\/www.vulvani.com\/en\/the-period-poem-the-ordinary-and-extraordinary\/\"},\"wordCount\":1016,\"commentCount\":0,\"publisher\":{\"@id\":\"https:\/\/www.vulvani.com\/en\/#organization\"},\"image\":{\"@id\":\"https:\/\/www.vulvani.com\/en\/the-period-poem-the-ordinary-and-extraordinary\/#primaryimage\"},\"thumbnailUrl\":\"https:\/\/www.vulvani.com\/wp-content\/uploads\/2022\/10\/Beitragsbild_Wordpress21-2.jpg\",\"articleSection\":[\"Society &amp; News\"],\"inLanguage\":\"en-US\",\"potentialAction\":[{\"@type\":\"CommentAction\",\"name\":\"Comment\",\"target\":[\"https:\/\/www.vulvani.com\/en\/the-period-poem-the-ordinary-and-extraordinary\/#respond\"]}]},{\"@type\":\"WebPage\",\"@id\":\"https:\/\/www.vulvani.com\/en\/the-period-poem-the-ordinary-and-extraordinary\/\",\"url\":\"https:\/\/www.vulvani.com\/en\/the-period-poem-the-ordinary-and-extraordinary\/\",\"name\":\"The Period Poem: the Ordinary and Extraordinary - Vulvani\",\"isPartOf\":{\"@id\":\"https:\/\/www.vulvani.com\/en\/#website\"},\"primaryImageOfPage\":{\"@id\":\"https:\/\/www.vulvani.com\/en\/the-period-poem-the-ordinary-and-extraordinary\/#primaryimage\"},\"image\":{\"@id\":\"https:\/\/www.vulvani.com\/en\/the-period-poem-the-ordinary-and-extraordinary\/#primaryimage\"},\"thumbnailUrl\":\"https:\/\/www.vulvani.com\/wp-content\/uploads\/2022\/10\/Beitragsbild_Wordpress21-2.jpg\",\"datePublished\":\"2021-12-29T04:16:00+00:00\",\"dateModified\":\"2022-11-03T12:54:33+00:00\",\"description\":\"Dominique Christina\u2019s spoken poem is a beautifully resonant love letter to menstruation. Ailsa discusses what \\\"The Period Poem\\\" means to her.\",\"breadcrumb\":{\"@id\":\"https:\/\/www.vulvani.com\/en\/the-period-poem-the-ordinary-and-extraordinary\/#breadcrumb\"},\"inLanguage\":\"en-US\",\"potentialAction\":[{\"@type\":\"ReadAction\",\"target\":[\"https:\/\/www.vulvani.com\/en\/the-period-poem-the-ordinary-and-extraordinary\/\"]}]},{\"@type\":\"ImageObject\",\"inLanguage\":\"en-US\",\"@id\":\"https:\/\/www.vulvani.com\/en\/the-period-poem-the-ordinary-and-extraordinary\/#primaryimage\",\"url\":\"https:\/\/www.vulvani.com\/wp-content\/uploads\/2022\/10\/Beitragsbild_Wordpress21-2.jpg\",\"contentUrl\":\"https:\/\/www.vulvani.com\/wp-content\/uploads\/2022\/10\/Beitragsbild_Wordpress21-2.jpg\",\"width\":1600,\"height\":836},{\"@type\":\"BreadcrumbList\",\"@id\":\"https:\/\/www.vulvani.com\/en\/the-period-poem-the-ordinary-and-extraordinary\/#breadcrumb\",\"itemListElement\":[{\"@type\":\"ListItem\",\"position\":1,\"name\":\"Startseite\",\"item\":\"https:\/\/www.vulvani.com\/en\/\"},{\"@type\":\"ListItem\",\"position\":2,\"name\":\"The Period Poem: the Ordinary and Extraordinary\"}]},{\"@type\":\"WebSite\",\"@id\":\"https:\/\/www.vulvani.com\/en\/#website\",\"url\":\"https:\/\/www.vulvani.com\/en\/\",\"name\":\"Vulvani\",\"description\":\"Let it flow - the education platform all around your body!\",\"publisher\":{\"@id\":\"https:\/\/www.vulvani.com\/en\/#organization\"},\"potentialAction\":[{\"@type\":\"SearchAction\",\"target\":{\"@type\":\"EntryPoint\",\"urlTemplate\":\"https:\/\/www.vulvani.com\/en\/?s={search_term_string}\"},\"query-input\":{\"@type\":\"PropertyValueSpecification\",\"valueRequired\":true,\"valueName\":\"search_term_string\"}}],\"inLanguage\":\"en-US\"},{\"@type\":\"Organization\",\"@id\":\"https:\/\/www.vulvani.com\/en\/#organization\",\"name\":\"Vulvani\",\"url\":\"https:\/\/www.vulvani.com\/en\/\",\"logo\":{\"@type\":\"ImageObject\",\"inLanguage\":\"en-US\",\"@id\":\"https:\/\/www.vulvani.com\/en\/#\/schema\/logo\/image\/\",\"url\":\"https:\/\/www.vulvani.com\/wp-content\/uploads\/2022\/10\/Vulvani-Logo-PNG-500px.png\",\"contentUrl\":\"https:\/\/www.vulvani.com\/wp-content\/uploads\/2022\/10\/Vulvani-Logo-PNG-500px.png\",\"width\":500,\"height\":125,\"caption\":\"Vulvani\"},\"image\":{\"@id\":\"https:\/\/www.vulvani.com\/en\/#\/schema\/logo\/image\/\"},\"sameAs\":[\"https:\/\/facebook.com\/vulvani\",\"https:\/\/instagram.com\/vulvani_\",\"https:\/\/www.pinterest.de\/vulvani\/\"]},{\"@type\":\"Person\",\"@id\":\"https:\/\/www.vulvani.com\/en\/#\/schema\/person\/3481fa8329706677fe258b1fec5171ef\",\"name\":\"Ailsa\",\"image\":{\"@type\":\"ImageObject\",\"inLanguage\":\"en-US\",\"@id\":\"https:\/\/www.vulvani.com\/en\/#\/schema\/person\/image\/\",\"url\":\"https:\/\/www.vulvani.com\/wp-content\/uploads\/2022\/10\/ezgif.com-gif-maker-6-96x96.jpg\",\"contentUrl\":\"https:\/\/www.vulvani.com\/wp-content\/uploads\/2022\/10\/ezgif.com-gif-maker-6-96x96.jpg\",\"caption\":\"Ailsa\"},\"description\":\"Ailsa wohnt in England und studiert Geschichte und Politik in Schottland. Sie verbringt ihre Zeit gerne mit Schreiben, Tagtr\u00e4umen und Gedanken \u00fcber die Zukunft - insbesondere \u00fcber Frauen und LGBT-Menschen in allen drei.\",\"url\":\"https:\/\/www.vulvani.com\/en\/author\/ailsa\/\"}]}<\/script>\n<!-- \/ Yoast SEO plugin. -->","yoast_head_json":{"title":"The Period Poem: the Ordinary and Extraordinary - Vulvani","description":"Dominique Christina\u2019s spoken poem is a beautifully resonant love letter to menstruation. Ailsa discusses what \"The Period Poem\" means to her.","robots":{"index":"index","follow":"follow","max-snippet":"max-snippet:-1","max-image-preview":"max-image-preview:large","max-video-preview":"max-video-preview:-1"},"canonical":"https:\/\/www.vulvani.com\/en\/the-period-poem-the-ordinary-and-extraordinary\/","og_locale":"en_US","og_type":"article","og_title":"The Period Poem: the Ordinary and Extraordinary - Vulvani","og_description":"Dominique Christina\u2019s spoken poem is a beautifully resonant love letter to menstruation. Ailsa discusses what \"The Period Poem\" means to her.","og_url":"https:\/\/www.vulvani.com\/en\/the-period-poem-the-ordinary-and-extraordinary\/","og_site_name":"Vulvani","article_publisher":"https:\/\/facebook.com\/vulvani","article_published_time":"2021-12-29T04:16:00+00:00","article_modified_time":"2022-11-03T12:54:33+00:00","og_image":[{"width":1600,"height":836,"url":"https:\/\/www.vulvani.com\/wp-content\/uploads\/2022\/10\/Beitragsbild_Wordpress21-2.jpg","type":"image\/jpeg"}],"author":"Ailsa","twitter_card":"summary_large_image","twitter_misc":{"Written by":"Ailsa","Est. reading time":"6 minutes"},"schema":{"@context":"https:\/\/schema.org","@graph":[{"@type":"Article","@id":"https:\/\/www.vulvani.com\/en\/the-period-poem-the-ordinary-and-extraordinary\/#article","isPartOf":{"@id":"https:\/\/www.vulvani.com\/en\/the-period-poem-the-ordinary-and-extraordinary\/"},"author":{"name":"Ailsa","@id":"https:\/\/www.vulvani.com\/en\/#\/schema\/person\/3481fa8329706677fe258b1fec5171ef"},"headline":"The Period Poem: the Ordinary and Extraordinary","datePublished":"2021-12-29T04:16:00+00:00","dateModified":"2022-11-03T12:54:33+00:00","mainEntityOfPage":{"@id":"https:\/\/www.vulvani.com\/en\/the-period-poem-the-ordinary-and-extraordinary\/"},"wordCount":1016,"commentCount":0,"publisher":{"@id":"https:\/\/www.vulvani.com\/en\/#organization"},"image":{"@id":"https:\/\/www.vulvani.com\/en\/the-period-poem-the-ordinary-and-extraordinary\/#primaryimage"},"thumbnailUrl":"https:\/\/www.vulvani.com\/wp-content\/uploads\/2022\/10\/Beitragsbild_Wordpress21-2.jpg","articleSection":["Society &amp; News"],"inLanguage":"en-US","potentialAction":[{"@type":"CommentAction","name":"Comment","target":["https:\/\/www.vulvani.com\/en\/the-period-poem-the-ordinary-and-extraordinary\/#respond"]}]},{"@type":"WebPage","@id":"https:\/\/www.vulvani.com\/en\/the-period-poem-the-ordinary-and-extraordinary\/","url":"https:\/\/www.vulvani.com\/en\/the-period-poem-the-ordinary-and-extraordinary\/","name":"The Period Poem: the Ordinary and Extraordinary - Vulvani","isPartOf":{"@id":"https:\/\/www.vulvani.com\/en\/#website"},"primaryImageOfPage":{"@id":"https:\/\/www.vulvani.com\/en\/the-period-poem-the-ordinary-and-extraordinary\/#primaryimage"},"image":{"@id":"https:\/\/www.vulvani.com\/en\/the-period-poem-the-ordinary-and-extraordinary\/#primaryimage"},"thumbnailUrl":"https:\/\/www.vulvani.com\/wp-content\/uploads\/2022\/10\/Beitragsbild_Wordpress21-2.jpg","datePublished":"2021-12-29T04:16:00+00:00","dateModified":"2022-11-03T12:54:33+00:00","description":"Dominique Christina\u2019s spoken poem is a beautifully resonant love letter to menstruation. Ailsa discusses what \"The Period Poem\" means to her.","breadcrumb":{"@id":"https:\/\/www.vulvani.com\/en\/the-period-poem-the-ordinary-and-extraordinary\/#breadcrumb"},"inLanguage":"en-US","potentialAction":[{"@type":"ReadAction","target":["https:\/\/www.vulvani.com\/en\/the-period-poem-the-ordinary-and-extraordinary\/"]}]},{"@type":"ImageObject","inLanguage":"en-US","@id":"https:\/\/www.vulvani.com\/en\/the-period-poem-the-ordinary-and-extraordinary\/#primaryimage","url":"https:\/\/www.vulvani.com\/wp-content\/uploads\/2022\/10\/Beitragsbild_Wordpress21-2.jpg","contentUrl":"https:\/\/www.vulvani.com\/wp-content\/uploads\/2022\/10\/Beitragsbild_Wordpress21-2.jpg","width":1600,"height":836},{"@type":"BreadcrumbList","@id":"https:\/\/www.vulvani.com\/en\/the-period-poem-the-ordinary-and-extraordinary\/#breadcrumb","itemListElement":[{"@type":"ListItem","position":1,"name":"Startseite","item":"https:\/\/www.vulvani.com\/en\/"},{"@type":"ListItem","position":2,"name":"The Period Poem: the Ordinary and Extraordinary"}]},{"@type":"WebSite","@id":"https:\/\/www.vulvani.com\/en\/#website","url":"https:\/\/www.vulvani.com\/en\/","name":"Vulvani","description":"Let it flow - the education platform all around your body!","publisher":{"@id":"https:\/\/www.vulvani.com\/en\/#organization"},"potentialAction":[{"@type":"SearchAction","target":{"@type":"EntryPoint","urlTemplate":"https:\/\/www.vulvani.com\/en\/?s={search_term_string}"},"query-input":{"@type":"PropertyValueSpecification","valueRequired":true,"valueName":"search_term_string"}}],"inLanguage":"en-US"},{"@type":"Organization","@id":"https:\/\/www.vulvani.com\/en\/#organization","name":"Vulvani","url":"https:\/\/www.vulvani.com\/en\/","logo":{"@type":"ImageObject","inLanguage":"en-US","@id":"https:\/\/www.vulvani.com\/en\/#\/schema\/logo\/image\/","url":"https:\/\/www.vulvani.com\/wp-content\/uploads\/2022\/10\/Vulvani-Logo-PNG-500px.png","contentUrl":"https:\/\/www.vulvani.com\/wp-content\/uploads\/2022\/10\/Vulvani-Logo-PNG-500px.png","width":500,"height":125,"caption":"Vulvani"},"image":{"@id":"https:\/\/www.vulvani.com\/en\/#\/schema\/logo\/image\/"},"sameAs":["https:\/\/facebook.com\/vulvani","https:\/\/instagram.com\/vulvani_","https:\/\/www.pinterest.de\/vulvani\/"]},{"@type":"Person","@id":"https:\/\/www.vulvani.com\/en\/#\/schema\/person\/3481fa8329706677fe258b1fec5171ef","name":"Ailsa","image":{"@type":"ImageObject","inLanguage":"en-US","@id":"https:\/\/www.vulvani.com\/en\/#\/schema\/person\/image\/","url":"https:\/\/www.vulvani.com\/wp-content\/uploads\/2022\/10\/ezgif.com-gif-maker-6-96x96.jpg","contentUrl":"https:\/\/www.vulvani.com\/wp-content\/uploads\/2022\/10\/ezgif.com-gif-maker-6-96x96.jpg","caption":"Ailsa"},"description":"Ailsa wohnt in England und studiert Geschichte und Politik in Schottland. Sie verbringt ihre Zeit gerne mit Schreiben, Tagtr\u00e4umen und Gedanken \u00fcber die Zukunft - insbesondere \u00fcber Frauen und LGBT-Menschen in allen drei.","url":"https:\/\/www.vulvani.com\/en\/author\/ailsa\/"}]}},"_links":{"self":[{"href":"https:\/\/www.vulvani.com\/en\/wp-json\/wp\/v2\/posts\/3743","targetHints":{"allow":["GET"]}}],"collection":[{"href":"https:\/\/www.vulvani.com\/en\/wp-json\/wp\/v2\/posts"}],"about":[{"href":"https:\/\/www.vulvani.com\/en\/wp-json\/wp\/v2\/types\/post"}],"author":[{"embeddable":true,"href":"https:\/\/www.vulvani.com\/en\/wp-json\/wp\/v2\/users\/4"}],"replies":[{"embeddable":true,"href":"https:\/\/www.vulvani.com\/en\/wp-json\/wp\/v2\/comments?post=3743"}],"version-history":[{"count":0,"href":"https:\/\/www.vulvani.com\/en\/wp-json\/wp\/v2\/posts\/3743\/revisions"}],"wp:featuredmedia":[{"embeddable":true,"href":"https:\/\/www.vulvani.com\/en\/wp-json\/wp\/v2\/media\/2637"}],"wp:attachment":[{"href":"https:\/\/www.vulvani.com\/en\/wp-json\/wp\/v2\/media?parent=3743"}],"wp:term":[{"taxonomy":"category","embeddable":true,"href":"https:\/\/www.vulvani.com\/en\/wp-json\/wp\/v2\/categories?post=3743"},{"taxonomy":"post_tag","embeddable":true,"href":"https:\/\/www.vulvani.com\/en\/wp-json\/wp\/v2\/tags?post=3743"}],"curies":[{"name":"wp","href":"https:\/\/api.w.org\/{rel}","templated":true}]}}